{"id":2428,"date":"2022-03-02T13:20:49","date_gmt":"2022-03-02T12:20:49","guid":{"rendered":"https:\/\/www.kellertheater.ch\/index.php\/?p=2428"},"modified":"2024-10-11T14:50:59","modified_gmt":"2024-10-11T12:50:59","slug":"johannes-r-millius","status":"publish","type":"post","link":"https:\/\/www.kellertheater.ch\/index.php\/2022\/03\/02\/johannes-r-millius\/","title":{"rendered":"Johannes R. Millius, Vorstand"},"content":{"rendered":"\n<div class=\"wp-block-group\"><div class=\"wp-block-group__inner-container is-layout-flow wp-block-group-is-layout-flow\">\n<div class=\"wp-block-columns is-layout-flex wp-container-core-columns-is-layout-9d6595d7 wp-block-columns-is-layout-flex\">\n<div class=\"wp-block-column is-layout-flow wp-block-column-is-layout-flow\" style=\"flex-basis:37%\">\n<figure class=\"wp-block-image size-large\"><img fetchpriority=\"high\" decoding=\"async\" width=\"1024\" height=\"1024\" src=\"https:\/\/www.kellertheater.ch\/wp-content\/uploads\/2022\/03\/Johannes-1024x1024.jpg\" alt=\"\" class=\"wp-image-3806\" srcset=\"https:\/\/www.kellertheater.ch\/wp-content\/uploads\/2022\/03\/Johannes-1024x1024.jpg 1024w, https:\/\/www.kellertheater.ch\/wp-content\/uploads\/2022\/03\/Johannes-300x300.jpg 300w, https:\/\/www.kellertheater.ch\/wp-content\/uploads\/2022\/03\/Johannes-150x150.jpg 150w, https:\/\/www.kellertheater.ch\/wp-content\/uploads\/2022\/03\/Johannes-768x768.jpg 768w, https:\/\/www.kellertheater.ch\/wp-content\/uploads\/2022\/03\/Johannes-600x600.jpg 600w, https:\/\/www.kellertheater.ch\/wp-content\/uploads\/2022\/03\/Johannes.jpg 1200w\" sizes=\"(max-width: 1024px) 100vw, 1024px\" \/><\/figure>\n<\/div>\n\n\n\n<div class=\"wp-block-column is-layout-flow wp-block-column-is-layout-flow\" style=\"flex-basis:63%\">\n<p>johannes(@)kellertheater.ch<\/p>\n\n\n\n<p class=\"has-medium-font-size\"><em>Johannes R. Millius (*1990) ist Verlagsleiter und Kulturschaffender. Er ist ausgebildeter Buchh\u00e4ndler. Neben seiner Arbeit in einem Theaterverlag schreibt er Kolumnen, inszeniert beim Wort und Spiel Ensemble, schreibt f\u00fcr B\u00fchnenk\u00fcnstler:innen, Unterrichtet angehende Buchh\u00e4ndler:innen und sitzt in der Literaturkommission der Stadt Bern. Orangenkonfit\u00fcre und Zitate von Paolo Coelho kann er nicht ausstehen.<\/em><\/p>\n<\/div>\n<\/div>\n<\/div><\/div>\n\n\n\n<p><\/p>\n\n\n\n<p><strong>Deine erste Erfahrung mit Theater an die du dich erinnern kannst?<\/strong><br><strong>&nbsp;<\/strong><em>Mit der Sopranistin Franziska Heinzen stand ich dereinst unter der Regie von Barbara Terpoorten auf der B\u00fchne des Kellertheaters. Nun gut, ich war im Kindergarten und es war ein Sommerferienkurs. Aber immerhin.<\/em><\/p>\n\n\n\n<p><strong>Dein Lieblingswort?<\/strong><br><strong>&nbsp;<\/strong><em>Nichtsdestotrotz<\/em><\/p>\n\n\n\n<p><strong>Das Kellertheater ist<\/strong><em>&#8230;<\/em><br><em>Ein wunderbares Daheim f\u00fcr das Wahre, Sch\u00f6ne, Gewagte, Unerh\u00f6rte, Bequeme und Unbequeme.&nbsp; Paolo Coelho w\u00fcrde wohl sagen \u00abEine Oase f\u00fcr die Seele\u00bb, ich mag ihn nicht, nichtsdestotrotz m<\/em><\/p>\n","protected":false},"excerpt":{"rendered":"<p>johannes(@)kellertheater.ch Johannes R. Millius (*1990) ist Verlagsleiter und Kulturschaffender. Er ist ausgebildeter Buchh\u00e4ndler. Neben seiner Arbeit in einem Theaterverlag schreibt er Kolumnen, inszeniert beim Wort und Spiel Ensemble, schreibt f\u00fcr B\u00fchnenk\u00fcnstler:innen, Unterrichtet angehende Buchh\u00e4ndler:innen und sitzt in der Literaturkommission der Stadt Bern. Orangenkonfit\u00fcre und Zitate von Paolo Coelho kann er nicht ausstehen. Deine erste Erfahrung [&hellip;]<\/p>\n","protected":false},"author":1,"featured_media":3806,"comment_status":"open","ping_status":"open","sticky":false,"template":"","format":"standard","meta":{"ocean_post_layout":"","ocean_both_sidebars_style":"","ocean_both_sidebars_content_width":0,"ocean_both_sidebars_sidebars_width":0,"ocean_sidebar":"0","ocean_second_sidebar":"0","ocean_disable_margins":"enable","ocean_add_body_class":"","ocean_shortcode_before_top_bar":"","ocean_shortcode_after_top_bar":"","ocean_shortcode_before_header":"","ocean_shortcode_after_header":"","ocean_has_shortcode":"","ocean_shortcode_after_title":"","ocean_shortcode_before_footer_widgets":"","ocean_shortcode_after_footer_widgets":"","ocean_shortcode_before_footer_bottom":"","ocean_shortcode_after_footer_bottom":"","ocean_display_top_bar":"default","ocean_display_header":"default","ocean_header_style":"","ocean_center_header_left_menu":"0","ocean_custom_header_template":"0","ocean_custom_logo":0,"ocean_custom_retina_logo":0,"ocean_custom_logo_max_width":0,"ocean_custom_logo_tablet_max_width":0,"ocean_custom_logo_mobile_max_width":0,"ocean_custom_logo_max_height":0,"ocean_custom_logo_tablet_max_height":0,"ocean_custom_logo_mobile_max_height":0,"ocean_header_custom_menu":"0","ocean_menu_typo_font_family":"0","ocean_menu_typo_font_subset":"","ocean_menu_typo_font_size":0,"ocean_menu_typo_font_size_tablet":0,"ocean_menu_typo_font_size_mobile":0,"ocean_menu_typo_font_size_unit":"px","ocean_menu_typo_font_weight":"","ocean_menu_typo_font_weight_tablet":"","ocean_menu_typo_font_weight_mobile":"","ocean_menu_typo_transform":"","ocean_menu_typo_transform_tablet":"","ocean_menu_typo_transform_mobile":"","ocean_menu_typo_line_height":0,"ocean_menu_typo_line_height_tablet":0,"ocean_menu_typo_line_height_mobile":0,"ocean_menu_typo_line_height_unit":"","ocean_menu_typo_spacing":0,"ocean_menu_typo_spacing_tablet":0,"ocean_menu_typo_spacing_mobile":0,"ocean_menu_typo_spacing_unit":"","ocean_menu_link_color":"","ocean_menu_link_color_hover":"","ocean_menu_link_color_active":"","ocean_menu_link_background":"","ocean_menu_link_hover_background":"","ocean_menu_link_active_background":"","ocean_menu_social_links_bg":"","ocean_menu_social_hover_links_bg":"","ocean_menu_social_links_color":"","ocean_menu_social_hover_links_color":"","ocean_disable_title":"default","ocean_disable_heading":"default","ocean_post_title":"","ocean_post_subheading":"","ocean_post_title_style":"","ocean_post_title_background_color":"","ocean_post_title_background":0,"ocean_post_title_bg_image_position":"","ocean_post_title_bg_image_attachment":"","ocean_post_title_bg_image_repeat":"","ocean_post_title_bg_image_size":"","ocean_post_title_height":0,"ocean_post_title_bg_overlay":0.5,"ocean_post_title_bg_overlay_color":"","ocean_disable_breadcrumbs":"default","ocean_breadcrumbs_color":"","ocean_breadcrumbs_separator_color":"","ocean_breadcrumbs_links_color":"","ocean_breadcrumbs_links_hover_color":"","ocean_display_footer_widgets":"default","ocean_display_footer_bottom":"default","ocean_custom_footer_template":"0","_jetpack_memberships_contains_paid_content":false,"ocean_post_oembed":"","ocean_post_self_hosted_media":"","ocean_post_video_embed":"","ocean_link_format":"","ocean_link_format_target":"self","ocean_quote_format":"","ocean_quote_format_link":"post","ocean_gallery_link_images":"off","ocean_gallery_id":[],"footnotes":""},"categories":[49],"tags":[],"class_list":["post-2428","post","type-post","status-publish","format-standard","has-post-thumbnail","hentry","category-portrait","entry","has-media"],"jetpack_featured_media_url":"https:\/\/www.kellertheater.ch\/wp-content\/uploads\/2022\/03\/Johannes.jpg","jetpack_sharing_enabled":true,"publishpress_future_action":{"enabled":false,"date":"2026-05-05 18:40:11","action":"change-status","newStatus":"draft","terms":[],"taxonomy":"category","extraData":[]},"publishpress_future_workflow_manual_trigger":{"enabledWorkflows":[]},"_links":{"self":[{"href":"https:\/\/www.kellertheater.ch\/index.php\/wp-json\/wp\/v2\/posts\/2428","targetHints":{"allow":["GET"]}}],"collection":[{"href":"https:\/\/www.kellertheater.ch\/index.php\/wp-json\/wp\/v2\/posts"}],"about":[{"href":"https:\/\/www.kellertheater.ch\/index.php\/wp-json\/wp\/v2\/types\/post"}],"author":[{"embeddable":true,"href":"https:\/\/www.kellertheater.ch\/index.php\/wp-json\/wp\/v2\/users\/1"}],"replies":[{"embeddable":true,"href":"https:\/\/www.kellertheater.ch\/index.php\/wp-json\/wp\/v2\/comments?post=2428"}],"version-history":[{"count":8,"href":"https:\/\/www.kellertheater.ch\/index.php\/wp-json\/wp\/v2\/posts\/2428\/revisions"}],"predecessor-version":[{"id":3808,"href":"https:\/\/www.kellertheater.ch\/index.php\/wp-json\/wp\/v2\/posts\/2428\/revisions\/3808"}],"wp:featuredmedia":[{"embeddable":true,"href":"https:\/\/www.kellertheater.ch\/index.php\/wp-json\/wp\/v2\/media\/3806"}],"wp:attachment":[{"href":"https:\/\/www.kellertheater.ch\/index.php\/wp-json\/wp\/v2\/media?parent=2428"}],"wp:term":[{"taxonomy":"category","embeddable":true,"href":"https:\/\/www.kellertheater.ch\/index.php\/wp-json\/wp\/v2\/categories?post=2428"},{"taxonomy":"post_tag","embeddable":true,"href":"https:\/\/www.kellertheater.ch\/index.php\/wp-json\/wp\/v2\/tags?post=2428"}],"curies":[{"name":"wp","href":"https:\/\/api.w.org\/{rel}","templated":true}]}}