{"id":3048,"date":"2023-02-18T12:01:13","date_gmt":"2023-02-18T11:01:13","guid":{"rendered":"https:\/\/www.kellertheater.ch\/index.php\/?p=3048"},"modified":"2024-10-11T14:47:45","modified_gmt":"2024-10-11T12:47:45","slug":"sascha-kuonen-vorstand","status":"publish","type":"post","link":"https:\/\/www.kellertheater.ch\/index.php\/2023\/02\/18\/sascha-kuonen-vorstand\/","title":{"rendered":"Sascha Kuonen, Vorstand"},"content":{"rendered":"\n<div class=\"wp-block-group\"><div class=\"wp-block-group__inner-container is-layout-flow wp-block-group-is-layout-flow\">\n<div class=\"wp-block-columns is-layout-flex wp-container-core-columns-is-layout-9d6595d7 wp-block-columns-is-layout-flex\">\n<div class=\"wp-block-column is-layout-flow wp-block-column-is-layout-flow\" style=\"flex-basis:37%\">\n<figure class=\"wp-block-image size-large\"><img fetchpriority=\"high\" decoding=\"async\" width=\"1024\" height=\"1024\" src=\"https:\/\/www.kellertheater.ch\/wp-content\/uploads\/2023\/02\/sascha-1024x1024.jpg\" alt=\"\" class=\"wp-image-3802\" srcset=\"https:\/\/www.kellertheater.ch\/wp-content\/uploads\/2023\/02\/sascha-1024x1024.jpg 1024w, https:\/\/www.kellertheater.ch\/wp-content\/uploads\/2023\/02\/sascha-300x300.jpg 300w, https:\/\/www.kellertheater.ch\/wp-content\/uploads\/2023\/02\/sascha-150x150.jpg 150w, https:\/\/www.kellertheater.ch\/wp-content\/uploads\/2023\/02\/sascha-768x768.jpg 768w, https:\/\/www.kellertheater.ch\/wp-content\/uploads\/2023\/02\/sascha-600x600.jpg 600w, https:\/\/www.kellertheater.ch\/wp-content\/uploads\/2023\/02\/sascha.jpg 1200w\" sizes=\"(max-width: 1024px) 100vw, 1024px\" \/><\/figure>\n<\/div>\n\n\n\n<div class=\"wp-block-column is-layout-flow wp-block-column-is-layout-flow\" style=\"flex-basis:63%\">\n<p class=\"has-medium-font-size\">sascha(@)kellertheater.ch<\/p>\n\n\n\n<p><em>Sascha Kuonen (*1989) hat ein Studium der Sozialen Arbeit absolviert und arbeitet aktuell als P\u00e4dagoge. Abseits jener T\u00e4tigkeit engagiert er sich sozial und kulturell. Er liebt es, sich mit Kunst \u2013 in der ihr eigenen Vielf\u00e4ltigkeit \u2013 zu besch\u00e4ftigen und sch\u00e4tzt die durch die Auseinandersetzung erm\u00f6glichte Anregung des Denkens, F\u00fchlens und der Kreativit\u00e4t. Letztere findet bei ihm Ausdruck in seiner Leidenschaft, der Malerei.<\/em><\/p>\n<\/div>\n<\/div>\n<\/div><\/div>\n\n\n\n<p><strong>Was zeichnet das Kellertheater aus?<\/strong><\/p>\n\n\n\n<p>Der Charme, den dieser Kulturort zu verspr\u00fchen vermag. Das Engagement des Teams, das die Anl\u00e4sse erm\u00f6glicht. Das Programm, das sich durch seine Breite hervortut.<\/p>\n\n\n\n<p><strong>Wie gestaltet sich ein perfekter Theaterabend?<\/strong><\/p>\n\n\n\n<p>Ein feines Abendessen f\u00fcr den K\u00f6rper, begleitet von anregenden Gespr\u00e4chen und gefolgt von einem stimulierenden Spiel f\u00fcr den Geist.<\/p>\n\n\n\n<p><strong>Welche Theaterinszenierung m\u00f6chtest du einmal sehen?<\/strong><\/p>\n\n\n\n<p>Brechts \u00abBaal\u00bb \u2013 die Geschichte des Asozialen in einer asozialen Welt\u2026<\/p>\n","protected":false},"excerpt":{"rendered":"<p>sascha(@)kellertheater.ch Sascha Kuonen (*1989) hat ein Studium der Sozialen Arbeit absolviert und arbeitet aktuell als P\u00e4dagoge. Abseits jener T\u00e4tigkeit engagiert er sich sozial und kulturell. Er liebt es, sich mit Kunst \u2013 in der ihr eigenen Vielf\u00e4ltigkeit \u2013 zu besch\u00e4ftigen und sch\u00e4tzt die durch die Auseinandersetzung erm\u00f6glichte Anregung des Denkens, F\u00fchlens und der Kreativit\u00e4t. Letztere [&hellip;]<\/p>\n","protected":false},"author":1,"featured_media":3802,"comment_status":"open","ping_status":"open","sticky":false,"template":"","format":"standard","meta":{"ocean_post_layout":"","ocean_both_sidebars_style":"","ocean_both_sidebars_content_width":0,"ocean_both_sidebars_sidebars_width":0,"ocean_sidebar":"0","ocean_second_sidebar":"0","ocean_disable_margins":"enable","ocean_add_body_class":"","ocean_shortcode_before_top_bar":"","ocean_shortcode_after_top_bar":"","ocean_shortcode_before_header":"","ocean_shortcode_after_header":"","ocean_has_shortcode":"","ocean_shortcode_after_title":"","ocean_shortcode_before_footer_widgets":"","ocean_shortcode_after_footer_widgets":"","ocean_shortcode_before_footer_bottom":"","ocean_shortcode_after_footer_bottom":"","ocean_display_top_bar":"default","ocean_display_header":"default","ocean_header_style":"","ocean_center_header_left_menu":"0","ocean_custom_header_template":"0","ocean_custom_logo":0,"ocean_custom_retina_logo":0,"ocean_custom_logo_max_width":0,"ocean_custom_logo_tablet_max_width":0,"ocean_custom_logo_mobile_max_width":0,"ocean_custom_logo_max_height":0,"ocean_custom_logo_tablet_max_height":0,"ocean_custom_logo_mobile_max_height":0,"ocean_header_custom_menu":"0","ocean_menu_typo_font_family":"0","ocean_menu_typo_font_subset":"","ocean_menu_typo_font_size":0,"ocean_menu_typo_font_size_tablet":0,"ocean_menu_typo_font_size_mobile":0,"ocean_menu_typo_font_size_unit":"px","ocean_menu_typo_font_weight":"","ocean_menu_typo_font_weight_tablet":"","ocean_menu_typo_font_weight_mobile":"","ocean_menu_typo_transform":"","ocean_menu_typo_transform_tablet":"","ocean_menu_typo_transform_mobile":"","ocean_menu_typo_line_height":0,"ocean_menu_typo_line_height_tablet":0,"ocean_menu_typo_line_height_mobile":0,"ocean_menu_typo_line_height_unit":"","ocean_menu_typo_spacing":0,"ocean_menu_typo_spacing_tablet":0,"ocean_menu_typo_spacing_mobile":0,"ocean_menu_typo_spacing_unit":"","ocean_menu_link_color":"","ocean_menu_link_color_hover":"","ocean_menu_link_color_active":"","ocean_menu_link_background":"","ocean_menu_link_hover_background":"","ocean_menu_link_active_background":"","ocean_menu_social_links_bg":"","ocean_menu_social_hover_links_bg":"","ocean_menu_social_links_color":"","ocean_menu_social_hover_links_color":"","ocean_disable_title":"default","ocean_disable_heading":"default","ocean_post_title":"","ocean_post_subheading":"","ocean_post_title_style":"","ocean_post_title_background_color":"","ocean_post_title_background":0,"ocean_post_title_bg_image_position":"","ocean_post_title_bg_image_attachment":"","ocean_post_title_bg_image_repeat":"","ocean_post_title_bg_image_size":"","ocean_post_title_height":0,"ocean_post_title_bg_overlay":0.5,"ocean_post_title_bg_overlay_color":"","ocean_disable_breadcrumbs":"default","ocean_breadcrumbs_color":"","ocean_breadcrumbs_separator_color":"","ocean_breadcrumbs_links_color":"","ocean_breadcrumbs_links_hover_color":"","ocean_display_footer_widgets":"default","ocean_display_footer_bottom":"default","ocean_custom_footer_template":"0","_jetpack_memberships_contains_paid_content":false,"ocean_post_oembed":"","ocean_post_self_hosted_media":"","ocean_post_video_embed":"","ocean_link_format":"","ocean_link_format_target":"self","ocean_quote_format":"","ocean_quote_format_link":"post","ocean_gallery_link_images":"off","ocean_gallery_id":[],"footnotes":""},"categories":[49],"tags":[],"class_list":["post-3048","post","type-post","status-publish","format-standard","has-post-thumbnail","hentry","category-portrait","entry","has-media"],"jetpack_featured_media_url":"https:\/\/www.kellertheater.ch\/wp-content\/uploads\/2023\/02\/sascha.jpg","jetpack_sharing_enabled":true,"publishpress_future_action":{"enabled":false,"date":"2026-05-05 18:40:33","action":"change-status","newStatus":"draft","terms":[],"taxonomy":"category","extraData":[]},"publishpress_future_workflow_manual_trigger":{"enabledWorkflows":[]},"_links":{"self":[{"href":"https:\/\/www.kellertheater.ch\/index.php\/wp-json\/wp\/v2\/posts\/3048","targetHints":{"allow":["GET"]}}],"collection":[{"href":"https:\/\/www.kellertheater.ch\/index.php\/wp-json\/wp\/v2\/posts"}],"about":[{"href":"https:\/\/www.kellertheater.ch\/index.php\/wp-json\/wp\/v2\/types\/post"}],"author":[{"embeddable":true,"href":"https:\/\/www.kellertheater.ch\/index.php\/wp-json\/wp\/v2\/users\/1"}],"replies":[{"embeddable":true,"href":"https:\/\/www.kellertheater.ch\/index.php\/wp-json\/wp\/v2\/comments?post=3048"}],"version-history":[{"count":6,"href":"https:\/\/www.kellertheater.ch\/index.php\/wp-json\/wp\/v2\/posts\/3048\/revisions"}],"predecessor-version":[{"id":3803,"href":"https:\/\/www.kellertheater.ch\/index.php\/wp-json\/wp\/v2\/posts\/3048\/revisions\/3803"}],"wp:featuredmedia":[{"embeddable":true,"href":"https:\/\/www.kellertheater.ch\/index.php\/wp-json\/wp\/v2\/media\/3802"}],"wp:attachment":[{"href":"https:\/\/www.kellertheater.ch\/index.php\/wp-json\/wp\/v2\/media?parent=3048"}],"wp:term":[{"taxonomy":"category","embeddable":true,"href":"https:\/\/www.kellertheater.ch\/index.php\/wp-json\/wp\/v2\/categories?post=3048"},{"taxonomy":"post_tag","embeddable":true,"href":"https:\/\/www.kellertheater.ch\/index.php\/wp-json\/wp\/v2\/tags?post=3048"}],"curies":[{"name":"wp","href":"https:\/\/api.w.org\/{rel}","templated":true}]}}